{"id":258,"date":"2017-01-15T17:20:31","date_gmt":"2017-01-15T16:20:31","guid":{"rendered":"http:\/\/maxsauter.net\/photographie\/?p=258"},"modified":"2017-05-03T14:57:45","modified_gmt":"2017-05-03T13:57:45","slug":"bonne-annee-2017","status":"publish","type":"post","link":"https:\/\/maxsauter.net\/photographie\/bonne-annee-2017\/","title":{"rendered":"Bonne ann\u00e9e 2017 !"},"content":{"rendered":"<p><img loading=\"lazy\" decoding=\"async\" class=\"alignnone wp-image-259 size-large\" src=\"https:\/\/maxsauter.net\/photographie\/wp-content\/uploads\/2017\/01\/voeux2017-small-1024x449.jpg\" alt=\"\" width=\"900\" height=\"395\" srcset=\"https:\/\/maxsauter.net\/photographie\/wp-content\/uploads\/2017\/01\/voeux2017-small.jpg 1024w, https:\/\/maxsauter.net\/photographie\/wp-content\/uploads\/2017\/01\/voeux2017-small-300x132.jpg 300w, https:\/\/maxsauter.net\/photographie\/wp-content\/uploads\/2017\/01\/voeux2017-small-768x337.jpg 768w\" sizes=\"auto, (max-width: 900px) 100vw, 900px\" \/><\/p>\n<p>Comme il est de tradition, je vous souhaite \u00e0 tous, chers visiteurs, mes meilleurs voeux pour cette nouvelle ann\u00e9e : puissions-nous faire le bien autour de nous, porter un oeil bienveillant sur le monde qui nous entoure, le visiter, en v\u00e9lo pourquoi pas, et \u00eatre positif !<\/p>\n<p>Bonne ann\u00e9e 2017 !<\/p>\n","protected":false},"excerpt":{"rendered":"<p>Comme il est de tradition, je vous souhaite \u00e0 tous, chers visiteurs, mes meilleurs voeux pour cette nouvelle ann\u00e9e : puissions-nous faire le bien autour de nous, porter un oeil bienveillant sur le monde qui nous entoure, le visiter, en v\u00e9lo pourquoi pas, et \u00eatre positif ! Bonne ann\u00e9e 2017 !<\/p>\n","protected":false},"author":1,"featured_media":259,"comment_status":"open","ping_status":"open","sticky":false,"template":"","format":"standard","meta":{"_monsterinsights_skip_tracking":false,"_monsterinsights_sitenote_active":false,"_monsterinsights_sitenote_note":"","_monsterinsights_sitenote_category":0,"footnotes":""},"categories":[6],"tags":[59,56,57,55,46,58],"class_list":{"0":"post-258","1":"post","2":"type-post","3":"status-publish","4":"format-standard","5":"has-post-thumbnail","6":"hentry","7":"category-actualite","8":"tag-mer","9":"tag-mont-saint-michel","10":"tag-noir-et-blanc","11":"tag-paysage","12":"tag-perso","13":"tag-plage","14":"","15":"blog-blocks-layout","16":"blog-style-imgblock","18":"blog-alt-odd"},"aioseo_notices":[],"_links":{"self":[{"href":"https:\/\/maxsauter.net\/photographie\/wp-json\/wp\/v2\/posts\/258","targetHints":{"allow":["GET"]}}],"collection":[{"href":"https:\/\/maxsauter.net\/photographie\/wp-json\/wp\/v2\/posts"}],"about":[{"href":"https:\/\/maxsauter.net\/photographie\/wp-json\/wp\/v2\/types\/post"}],"author":[{"embeddable":true,"href":"https:\/\/maxsauter.net\/photographie\/wp-json\/wp\/v2\/users\/1"}],"replies":[{"embeddable":true,"href":"https:\/\/maxsauter.net\/photographie\/wp-json\/wp\/v2\/comments?post=258"}],"version-history":[{"count":2,"href":"https:\/\/maxsauter.net\/photographie\/wp-json\/wp\/v2\/posts\/258\/revisions"}],"predecessor-version":[{"id":287,"href":"https:\/\/maxsauter.net\/photographie\/wp-json\/wp\/v2\/posts\/258\/revisions\/287"}],"wp:featuredmedia":[{"embeddable":true,"href":"https:\/\/maxsauter.net\/photographie\/wp-json\/wp\/v2\/media\/259"}],"wp:attachment":[{"href":"https:\/\/maxsauter.net\/photographie\/wp-json\/wp\/v2\/media?parent=258"}],"wp:term":[{"taxonomy":"category","embeddable":true,"href":"https:\/\/maxsauter.net\/photographie\/wp-json\/wp\/v2\/categories?post=258"},{"taxonomy":"post_tag","embeddable":true,"href":"https:\/\/maxsauter.net\/photographie\/wp-json\/wp\/v2\/tags?post=258"}],"curies":[{"name":"wp","href":"https:\/\/api.w.org\/{rel}","templated":true}]}}