{"id":353,"date":"2017-10-23T22:20:33","date_gmt":"2017-10-23T21:20:33","guid":{"rendered":"http:\/\/maxsauter.net\/photographie\/?p=353"},"modified":"2017-11-07T22:21:11","modified_gmt":"2017-11-07T21:21:11","slug":"les-expos-a-la-maison-cali","status":"publish","type":"post","link":"https:\/\/maxsauter.net\/photographie\/les-expos-a-la-maison-cali\/","title":{"rendered":"Les expos \u00e0 la maison : Cali"},"content":{"rendered":"<p>Tout a commenc\u00e9 un soir \u00e0 la galerie Monod, lors d&rsquo;un vernissage d&rsquo;une expo multi-artistes assez particuli\u00e8re \u00e0 l&rsquo;occasion duquel j&rsquo;ai rencontr\u00e9 compl\u00e8tement par hasard une fille tr\u00e8s sympa pr\u00e9nomm\u00e9e <a href=\"http:\/\/les-expos-a-la-maison.fr\/a-propos\/\">Sellah<\/a>, cofondatrice de <a href=\"http:\/\/les-expos-a-la-maison.fr\/\">Les Expos A La Maison<\/a>.<\/p>\n<p>Son concept d&rsquo;<a href=\"http:\/\/les-expos-a-la-maison.fr\/\">expo \u00e0 la maison<\/a> m&rsquo;a beaucoup s\u00e9duit, et j&rsquo;ai eu envie de faire l&rsquo;exp\u00e9rience chez moi, avec des peintures de ma copine <a href=\"http:\/\/www.calirezo.com\">Cali<\/a>.<\/p>\n<p>Apr\u00e8s un petit rep\u00e9rage, une s\u00e9lection d\u2019\u0153uvres, quelques achats de friandises et emails d&rsquo;invitation, nous nous sommes retrouv\u00e9s environ une quinzaine chez moi pour admirer le travail de Cali, et passer un super moment d&rsquo;\u00e9change et de rigolade.<\/p>\n<p><img loading=\"lazy\" decoding=\"async\" class=\"alignnone size-large wp-image-354\" src=\"https:\/\/maxsauter.net\/photographie\/wp-content\/uploads\/2017\/11\/EXPO_ExposAlaMaison-ChezMax-22oct2017-1024x616.jpg\" alt=\"Montage de photos de l'\u00e9v\u00e9nement\" width=\"900\" height=\"541\" srcset=\"https:\/\/maxsauter.net\/photographie\/wp-content\/uploads\/2017\/11\/EXPO_ExposAlaMaison-ChezMax-22oct2017-1024x616.jpg 1024w, https:\/\/maxsauter.net\/photographie\/wp-content\/uploads\/2017\/11\/EXPO_ExposAlaMaison-ChezMax-22oct2017-300x180.jpg 300w, https:\/\/maxsauter.net\/photographie\/wp-content\/uploads\/2017\/11\/EXPO_ExposAlaMaison-ChezMax-22oct2017-768x462.jpg 768w, https:\/\/maxsauter.net\/photographie\/wp-content\/uploads\/2017\/11\/EXPO_ExposAlaMaison-ChezMax-22oct2017.jpg 1261w\" sizes=\"auto, (max-width: 900px) 100vw, 900px\" \/><\/p>\n<p>Vous aussi <a href=\"http:\/\/www.calirezo.com\/site2015\/shop\/\">achetez des oeuvres de Cali <\/a>ou organisez votre <a href=\"http:\/\/les-expos-a-la-maison.fr\/\">Expo \u00e0 La Maison<\/a> !<\/p>\n","protected":false},"excerpt":{"rendered":"<p>Tout a commenc\u00e9 un soir \u00e0 la galerie Monod, lors d&rsquo;un vernissage d&rsquo;une expo multi-artistes assez particuli\u00e8re \u00e0 l&rsquo;occasion duquel j&rsquo;ai rencontr\u00e9 compl\u00e8tement par hasard une fille tr\u00e8s sympa pr\u00e9nomm\u00e9e Sellah, cofondatrice de Les Expos A La Maison. Son concept d&rsquo;expo \u00e0 la maison m&rsquo;a beaucoup s\u00e9duit, et j&rsquo;ai eu envie de faire l&rsquo;exp\u00e9rience chez [&hellip;]<\/p>\n","protected":false},"author":1,"featured_media":355,"comment_status":"open","ping_status":"open","sticky":false,"template":"","format":"standard","meta":{"_monsterinsights_skip_tracking":false,"_monsterinsights_sitenote_active":false,"_monsterinsights_sitenote_note":"","_monsterinsights_sitenote_category":0,"footnotes":""},"categories":[6],"tags":[62,64,65],"class_list":{"0":"post-353","1":"post","2":"type-post","3":"status-publish","4":"format-standard","5":"has-post-thumbnail","6":"hentry","7":"category-actualite","8":"tag-cali-rezo","9":"tag-expo","10":"tag-peinture","11":"","12":"blog-blocks-layout","13":"blog-style-imgblock","15":"blog-alt-odd"},"aioseo_notices":[],"_links":{"self":[{"href":"https:\/\/maxsauter.net\/photographie\/wp-json\/wp\/v2\/posts\/353","targetHints":{"allow":["GET"]}}],"collection":[{"href":"https:\/\/maxsauter.net\/photographie\/wp-json\/wp\/v2\/posts"}],"about":[{"href":"https:\/\/maxsauter.net\/photographie\/wp-json\/wp\/v2\/types\/post"}],"author":[{"embeddable":true,"href":"https:\/\/maxsauter.net\/photographie\/wp-json\/wp\/v2\/users\/1"}],"replies":[{"embeddable":true,"href":"https:\/\/maxsauter.net\/photographie\/wp-json\/wp\/v2\/comments?post=353"}],"version-history":[{"count":1,"href":"https:\/\/maxsauter.net\/photographie\/wp-json\/wp\/v2\/posts\/353\/revisions"}],"predecessor-version":[{"id":356,"href":"https:\/\/maxsauter.net\/photographie\/wp-json\/wp\/v2\/posts\/353\/revisions\/356"}],"wp:featuredmedia":[{"embeddable":true,"href":"https:\/\/maxsauter.net\/photographie\/wp-json\/wp\/v2\/media\/355"}],"wp:attachment":[{"href":"https:\/\/maxsauter.net\/photographie\/wp-json\/wp\/v2\/media?parent=353"}],"wp:term":[{"taxonomy":"category","embeddable":true,"href":"https:\/\/maxsauter.net\/photographie\/wp-json\/wp\/v2\/categories?post=353"},{"taxonomy":"post_tag","embeddable":true,"href":"https:\/\/maxsauter.net\/photographie\/wp-json\/wp\/v2\/tags?post=353"}],"curies":[{"name":"wp","href":"https:\/\/api.w.org\/{rel}","templated":true}]}}